{"id":1608,"date":"2022-10-04T10:53:15","date_gmt":"2022-10-04T10:53:15","guid":{"rendered":"https:\/\/digitiseproject.eu\/fortbildungsveranstaltung-in-florenz\/"},"modified":"2023-01-23T08:52:57","modified_gmt":"2023-01-23T08:52:57","slug":"fortbildungsveranstaltung-in-florenz","status":"publish","type":"post","link":"https:\/\/digitiseproject.eu\/de\/fortbildungsveranstaltung-in-florenz\/","title":{"rendered":"Fortbildungsveranstaltung in Florenz"},"content":{"rendered":"\n<p>Die dritte Fortbildungsveranstaltung von DigiTise! fand vom 26. bis 28. September 2022 in Florenz, Italien, statt und wurde von der Europass Teaching Academy ausgerichtet.<\/p>\n\n\n\n<figure class=\"wp-block-image size-large\"><img loading=\"lazy\" decoding=\"async\" width=\"1024\" height=\"733\" src=\"https:\/\/digitiseproject.eu\/wp-content\/uploads\/2022\/10\/digitise-florence-training-1024x733.jpg\" alt=\"\" class=\"wp-image-708\" srcset=\"https:\/\/digitiseproject.eu\/wp-content\/uploads\/2022\/10\/digitise-florence-training-1024x733.jpg 1024w, https:\/\/digitiseproject.eu\/wp-content\/uploads\/2022\/10\/digitise-florence-training-300x215.jpg 300w, https:\/\/digitiseproject.eu\/wp-content\/uploads\/2022\/10\/digitise-florence-training-768x550.jpg 768w, https:\/\/digitiseproject.eu\/wp-content\/uploads\/2022\/10\/digitise-florence-training.jpg 1280w\" sizes=\"auto, (max-width: 1024px) 100vw, 1024px\" \/><\/figure>\n\n\n\n<blockquote class=\"wp-block-quote is-layout-flow wp-block-quote-is-layout-flow\">\n<p>Die Teilnehmer lernten auch, ihre Zielgruppe zu definieren und MOOC-Kurse.<\/p>\n<\/blockquote>\n\n\n\n<div style=\"height:26px\" aria-hidden=\"true\" class=\"wp-block-spacer\"><\/div>\n\n\n\n<p class=\"has-text-align-left\">Die Teilnehmer lernten auch, ihre Zielgruppe zu definieren und<br>MOOC-Kurse so zu gestalten, dass sie ihren Bed\u00fcrfnissen und Erwartungen entsprechen; ein Curriculum zu planen und Lernaktivit\u00e4ten f\u00fcr MOOC-Kurse mit Hilfe digitaler Tools zu erstellen.<\/p>\n","protected":false},"excerpt":{"rendered":"<p>Die dritte Fortbildungsveranstaltung von DigiTise! fand vom 26. bis 28. September 2022 in Florenz, Italien, statt und wurde von der Europass Teaching Academy ausgerichtet. Die Teilnehmer lernten auch, ihre Zielgruppe zu definieren und MOOC-Kurse. Die Teilnehmer lernten auch, ihre Zielgruppe zu definieren undMOOC-Kurse so zu gestalten, dass sie ihren Bed\u00fcrfnissen und Erwartungen entsprechen; ein Curriculum [&hellip;]<\/p>\n","protected":false},"author":1,"featured_media":1064,"comment_status":"closed","ping_status":"open","sticky":false,"template":"","format":"standard","meta":{"_gspb_post_css":"","footnotes":""},"categories":[101,154],"tags":[104,102,103],"class_list":["post-1608","post","type-post","status-publish","format-standard","has-post-thumbnail","hentry","category-ausbildung","category-digitale-kompetenz","tag-digitale-kompetenz","tag-lernen","tag-unterricht"],"_links":{"self":[{"href":"https:\/\/digitiseproject.eu\/de\/wp-json\/wp\/v2\/posts\/1608","targetHints":{"allow":["GET"]}}],"collection":[{"href":"https:\/\/digitiseproject.eu\/de\/wp-json\/wp\/v2\/posts"}],"about":[{"href":"https:\/\/digitiseproject.eu\/de\/wp-json\/wp\/v2\/types\/post"}],"author":[{"embeddable":true,"href":"https:\/\/digitiseproject.eu\/de\/wp-json\/wp\/v2\/users\/1"}],"replies":[{"embeddable":true,"href":"https:\/\/digitiseproject.eu\/de\/wp-json\/wp\/v2\/comments?post=1608"}],"version-history":[{"count":3,"href":"https:\/\/digitiseproject.eu\/de\/wp-json\/wp\/v2\/posts\/1608\/revisions"}],"predecessor-version":[{"id":1870,"href":"https:\/\/digitiseproject.eu\/de\/wp-json\/wp\/v2\/posts\/1608\/revisions\/1870"}],"wp:featuredmedia":[{"embeddable":true,"href":"https:\/\/digitiseproject.eu\/de\/wp-json\/wp\/v2\/media\/1064"}],"wp:attachment":[{"href":"https:\/\/digitiseproject.eu\/de\/wp-json\/wp\/v2\/media?parent=1608"}],"wp:term":[{"taxonomy":"category","embeddable":true,"href":"https:\/\/digitiseproject.eu\/de\/wp-json\/wp\/v2\/categories?post=1608"},{"taxonomy":"post_tag","embeddable":true,"href":"https:\/\/digitiseproject.eu\/de\/wp-json\/wp\/v2\/tags?post=1608"}],"curies":[{"name":"wp","href":"https:\/\/api.w.org\/{rel}","templated":true}]}}